{"id":285,"date":"2016-11-09T12:12:33","date_gmt":"2016-11-09T10:12:33","guid":{"rendered":"http:\/\/www.blumen-schoetz.de\/?p=285"},"modified":"2016-11-11T11:06:49","modified_gmt":"2016-11-11T09:06:49","slug":"advent-advent","status":"publish","type":"post","link":"https:\/\/www.blumen-schoetz.de\/?p=285","title":{"rendered":"Advent, Advent &#8230;"},"content":{"rendered":"<p>F\u00fcr die &#8222;staade Zeit&#8220;. Besinnlichkeit hei\u00dft auch, sich auf sich selbst  besinnen. Darum gestalten wir Floristen Adventskr\u00e4nze f\u00fcr Sie ganz  pers\u00f6nlich: f\u00fcr Ihren Tisch, aber auch Ihren Empfangsraum, Ihr B\u00fcro oder  Ihr Gesch\u00e4ft.<\/p>\n<p><img decoding=\"async\" loading=\"lazy\" class=\"alignleft size-full wp-image-283\" title=\"Adventskranz\" src=\"https:\/\/www.blumen-schoetz.de\/wp\/wp-content\/uploads\/2016\/11\/12208832_992705670772909_5942833834164102022_n.jpg\" alt=\"Adventskranz\" width=\"269\" height=\"490\" srcset=\"https:\/\/www.blumen-schoetz.de\/wp\/wp-content\/uploads\/2016\/11\/12208832_992705670772909_5942833834164102022_n.jpg 269w, https:\/\/www.blumen-schoetz.de\/wp\/wp-content\/uploads\/2016\/11\/12208832_992705670772909_5942833834164102022_n-164x300.jpg 164w\" sizes=\"(max-width: 269px) 100vw, 269px\" \/><\/p>\n","protected":false},"excerpt":{"rendered":"<p>F\u00fcr die &#8222;staade Zeit&#8220;. Besinnlichkeit hei\u00dft auch, sich auf sich selbst besinnen. Darum gestalten wir Floristen Adventskr\u00e4nze f\u00fcr Sie ganz pers\u00f6nlich: f\u00fcr Ihren Tisch, aber auch Ihren Empfangsraum, Ihr B\u00fcro oder Ihr Gesch\u00e4ft.<\/p>\n","protected":false},"author":2,"featured_media":0,"comment_status":"closed","ping_status":"closed","sticky":false,"template":"","format":"standard","meta":[],"categories":[1,5],"tags":[22,11,12,14,13],"_links":{"self":[{"href":"https:\/\/www.blumen-schoetz.de\/index.php?rest_route=\/wp\/v2\/posts\/285"}],"collection":[{"href":"https:\/\/www.blumen-schoetz.de\/index.php?rest_route=\/wp\/v2\/posts"}],"about":[{"href":"https:\/\/www.blumen-schoetz.de\/index.php?rest_route=\/wp\/v2\/types\/post"}],"author":[{"embeddable":true,"href":"https:\/\/www.blumen-schoetz.de\/index.php?rest_route=\/wp\/v2\/users\/2"}],"replies":[{"embeddable":true,"href":"https:\/\/www.blumen-schoetz.de\/index.php?rest_route=%2Fwp%2Fv2%2Fcomments&post=285"}],"version-history":[{"count":2,"href":"https:\/\/www.blumen-schoetz.de\/index.php?rest_route=\/wp\/v2\/posts\/285\/revisions"}],"predecessor-version":[{"id":318,"href":"https:\/\/www.blumen-schoetz.de\/index.php?rest_route=\/wp\/v2\/posts\/285\/revisions\/318"}],"wp:attachment":[{"href":"https:\/\/www.blumen-schoetz.de\/index.php?rest_route=%2Fwp%2Fv2%2Fmedia&parent=285"}],"wp:term":[{"taxonomy":"category","embeddable":true,"href":"https:\/\/www.blumen-schoetz.de\/index.php?rest_route=%2Fwp%2Fv2%2Fcategories&post=285"},{"taxonomy":"post_tag","embeddable":true,"href":"https:\/\/www.blumen-schoetz.de\/index.php?rest_route=%2Fwp%2Fv2%2Ftags&post=285"}],"curies":[{"name":"wp","href":"https:\/\/api.w.org\/{rel}","templated":true}]}}