{"id":129,"date":"2011-03-30T14:30:36","date_gmt":"2011-03-30T12:30:36","guid":{"rendered":"http:\/\/www.blumen-schoetz.de\/?p=129"},"modified":"2011-03-30T14:30:36","modified_gmt":"2011-03-30T12:30:36","slug":"blumenschmuck-150-jahre-sebald-zement","status":"publish","type":"post","link":"https:\/\/www.blumen-schoetz.de\/?p=129","title":{"rendered":"Blumenschmuck &#8222;150 Jahre Sebald Zement&#8220;"},"content":{"rendered":"<p><a href=\"https:\/\/www.blumen-schoetz.de\/wp\/wp-content\/uploads\/2011\/03\/Sebald_Jubilaeum.jpg\"><img decoding=\"async\" loading=\"lazy\" class=\"alignleft size-full wp-image-131\" title=\"Sebald_Jubilaeum\" src=\"https:\/\/www.blumen-schoetz.de\/wp\/wp-content\/uploads\/2011\/03\/Sebald_Jubilaeum.jpg\" alt=\"Sebald_Jubilaeum\" width=\"659\" height=\"405\" srcset=\"https:\/\/www.blumen-schoetz.de\/wp\/wp-content\/uploads\/2011\/03\/Sebald_Jubilaeum.jpg 659w, https:\/\/www.blumen-schoetz.de\/wp\/wp-content\/uploads\/2011\/03\/Sebald_Jubilaeum-300x184.jpg 300w\" sizes=\"(max-width: 659px) 100vw, 659px\" \/><\/a><\/p>\n<p>Sebald Zement h\u00e4lt, was er verspricht. 2010 wurde in Hartmannshof das 150j\u00e4hrige Jubil\u00e4um gefeiert. Den Blumenschmuck und die gesamte Dekotation der Festhalle f\u00fcr 150 Personen \u00fcbernahm Blumen-Sch\u00f6tz.<br \/>\nBlumen in der Firmenfarben: Blaue Hortensien, wei\u00dfe Chrysanthemen, dazu frisches Gr\u00fcn von Efeu und Farn.<\/p>\n<p>\u2022 Gestecke: \u00a0Blauen Hortensien und Bambus in &#8222;Zements\u00e4cken&#8220;<\/p>\n<p>\u2022 Trib\u00fcne: Blaue Hortensien, wei\u00dfe Chrysanthemen, Farn, Efeu<\/p>\n<p>\u2022 Tischgestecke: wei\u00dfe Alpenveilchen mit blauen B\u00e4ndern<\/p>\n<p>\u2022 Raumdekoration: Gr\u00e4ser, Hortensien<\/p>\n","protected":false},"excerpt":{"rendered":"<p>Sebald Zement h\u00e4lt, was er verspricht. 2010 wurde in Hartmannshof das 150j\u00e4hrige Jubil\u00e4um gefeiert. Den Blumenschmuck und die gesamte Dekotation der Festhalle f\u00fcr 150 Personen \u00fcbernahm Blumen-Sch\u00f6tz. Blumen in der Firmenfarben: Blaue Hortensien, wei\u00dfe Chrysanthemen, dazu frisches Gr\u00fcn von Efeu und Farn. \u2022 Gestecke: \u00a0Blauen Hortensien und Bambus in &#8222;Zements\u00e4cken&#8220; \u2022 Trib\u00fcne: Blaue Hortensien, wei\u00dfe &hellip; <\/p>\n<p class=\"link-more\"><a href=\"https:\/\/www.blumen-schoetz.de\/?p=129\" class=\"more-link\"><span class=\"screen-reader-text\">\u201eBlumenschmuck &#8222;150 Jahre Sebald Zement&#8220;\u201c<\/span> weiterlesen<\/a><\/p>\n","protected":false},"author":1,"featured_media":0,"comment_status":"open","ping_status":"open","sticky":false,"template":"","format":"standard","meta":[],"categories":[1],"tags":[],"_links":{"self":[{"href":"https:\/\/www.blumen-schoetz.de\/index.php?rest_route=\/wp\/v2\/posts\/129"}],"collection":[{"href":"https:\/\/www.blumen-schoetz.de\/index.php?rest_route=\/wp\/v2\/posts"}],"about":[{"href":"https:\/\/www.blumen-schoetz.de\/index.php?rest_route=\/wp\/v2\/types\/post"}],"author":[{"embeddable":true,"href":"https:\/\/www.blumen-schoetz.de\/index.php?rest_route=\/wp\/v2\/users\/1"}],"replies":[{"embeddable":true,"href":"https:\/\/www.blumen-schoetz.de\/index.php?rest_route=%2Fwp%2Fv2%2Fcomments&post=129"}],"version-history":[{"count":4,"href":"https:\/\/www.blumen-schoetz.de\/index.php?rest_route=\/wp\/v2\/posts\/129\/revisions"}],"predecessor-version":[{"id":135,"href":"https:\/\/www.blumen-schoetz.de\/index.php?rest_route=\/wp\/v2\/posts\/129\/revisions\/135"}],"wp:attachment":[{"href":"https:\/\/www.blumen-schoetz.de\/index.php?rest_route=%2Fwp%2Fv2%2Fmedia&parent=129"}],"wp:term":[{"taxonomy":"category","embeddable":true,"href":"https:\/\/www.blumen-schoetz.de\/index.php?rest_route=%2Fwp%2Fv2%2Fcategories&post=129"},{"taxonomy":"post_tag","embeddable":true,"href":"https:\/\/www.blumen-schoetz.de\/index.php?rest_route=%2Fwp%2Fv2%2Ftags&post=129"}],"curies":[{"name":"wp","href":"https:\/\/api.w.org\/{rel}","templated":true}]}}